{"id":719,"date":"2013-08-19T19:18:17","date_gmt":"2013-08-19T19:18:17","guid":{"rendered":"http:\/\/alexanderkobs.de\/?p=719"},"modified":"2018-02-14T18:24:42","modified_gmt":"2018-02-14T18:24:42","slug":"alltagshelfer-mit-handicap-in-der-kita","status":"publish","type":"post","link":"http:\/\/alexanderkobs.de\/?p=719","title":{"rendered":"Alltagshelfer mit Handicap in der Kita"},"content":{"rendered":"<p>Erschienen auf: <a href=\"http:\/\/www.ndr.de\/fernsehen\/sendungen\/markt\/wirtschaft_soziales\/kindergartenhelfer101_page-2.html\" target=\"_blank\">ndr.de<\/a> und in der Sendung &#8222;Markt&#8220;<\/p>\n<p><strong>Der Rechtsanspruch auf einen Kita-Platz ist Realit\u00e4t. Aber es fehlen  Arbeitskr\u00e4fte, die sich um die Kleinen k\u00fcmmern. Gute Ideen sind also  gefragt, um dem Fachkr\u00e4ftemangel zu begegnen. In Braunschweig gibt es  ein Pilotprojekt, in dem Menschen mit Behinderung so geschult werden,  dass sie Hilfst\u00e4tigkeiten im Kindergarten \u00fcbernehmen k\u00f6nnen. <\/strong><\/p>\n<p>Mehr als 280.000 Menschen mit Behinderung arbeiten in Deutschland in  Werkst\u00e4tten. Rund ein F\u00fcnftel davon in Norddeutschland. Doch es gibt  Bestrebungen, Menschen mit Handicap statt in Werkst\u00e4tten als Helfer in  anderen Betrieben einzusetzen &#8211; vor allem da, wo es Engp\u00e4sse gibt, wie  in der Pflege, in Seniorenheimen, im Handwerk oder in Kinderg\u00e4rten.<!--more--><\/p>\n<h3><strong>Alltagshelfer in der Kita<\/strong><\/h3>\n<p>Ein Beispiel ist die Fortbildung zum Kindergartenhelfer durch die  Lebenshilfe, eine gemeinn\u00fctzige Initiative in Braunschweig. Ein Jahr  dauert die Fortbildung. Die Lebenshilfe Braunschweig arbeitet mit sechs  Kitas zusammen. Dort k\u00f6nnen die Teilnehmer Praktika machen, um sich f\u00fcr  eine sp\u00e4tere Besch\u00e4ftigung zu empfehlen. Aus dem ersten Kurs wurden  sechs von zehn Teilnehmern erfolgreich vermittelt.<\/p>\n<h3><strong>Umfangreiche Ausbildung<\/strong><\/h3>\n<p>Die Fortbildung umfasst hauswirtschaftliche T\u00e4tigkeiten,  Arbeitshygiene, Hebe- und Tragetechniken. Auch mit Stresssituationen  werden die Teilnehmer konfrontiert. Sie bekommen eine Verkehrsschulung  und einen Erste-Hilfe-Kurs am Kind. &#8222;Wir haben gemerkt, dass wir viele  Talente in unseren Werkst\u00e4tten haben, die Interesse hatten, mit Kindern  zu arbeiten&#8220;, sagt Michael Schumann, Leiter des Fachdienstes  Betriebliche Integration bei der Lebenshilfe Braunschweig.<\/p>\n<h3><strong>Vorbild f\u00fcr andere St\u00e4dte<\/strong><\/h3>\n<p>Mittlerweile gibt es Kindergartenhelfer-Kurse auch in anderen  St\u00e4dten. Die Elbe-Werkst\u00e4tten in Hamburg zum Beispiel bieten einen  vierj\u00e4hrigen Kurs an, bei dem die Teilnehmer in den ersten beiden Jahren  drei Tage die Schule besuchen und zwei Tage in der Kita arbeiten. Hier  besteht eine Kooperation mit der Fachschule f\u00fcr Sonderp\u00e4dagogik in  Hamburg-Altona. Im dritten und vierten Jahr sind die Teilnehmer drei  Tage pro Woche in der Kita und zwei Tage im Klassenraum.<\/p>\n<h3><strong>Vorreiter Seniorenpflege<\/strong><\/h3>\n<p>Die Fortbildung zum Kindergartenhelfer entstand, nachdem sich  Seniorenhelfer in der Praxis bew\u00e4hrt hatten: Menschen mit geistiger  Behinderung gehen mit Senioren spazieren, helfen ihnen beim Essen oder  spielen und singen mit ihnen. In der Altenpflege herrscht ein gro\u00dfer  Mangel an Pflegekr\u00e4ften &#8211; bei einer immer \u00e4lter werdenden Bev\u00f6lkerung  ein echtes Problem. Die Chancen f\u00fcr Menschen mit Handicap, nach der  Fortbildung eine dauerhafte Besch\u00e4ftigung zu finden, sind derzeit  entsprechend \u00a0gro\u00df. Das zeigt die <a href=\"http:\/\/www.lebenshilfe-perspektivenwechsel.de\/perspektiven\/broschuere\/index.php\" target=\"_blank\">Studie &#8222;Perspektivenwechsel&#8220;<\/a>, in Auftrag gegeben von der Bundesvereinigung Lebenshilfe und der Stiftung Zentrum f\u00fcr Qualit\u00e4t in der Pflege.<\/p>\n<h3><strong>Am Ende profitieren alle<\/strong><\/h3>\n<p>Ob Kinder- oder Seniorenhilfe: Am Ende profitieren alle. Menschen mit  Behinderung entkommen dem meist eint\u00f6nigen Alltag in einer Werkstatt  und k\u00f6nnen sich auf anderen Gebieten beweisen. Sie bekommen die Chance,  eine Stelle auf dem freien Arbeitsmarkt zu erhalten. In den Kitas und  Seniorenheimen entlasten sie die Erzieher und Pflegekr\u00e4fte, die sich auf  ihre p\u00e4dagogische Arbeit und auf die Versorgung der Bewohner  konzentrieren k\u00f6nnen.<\/p>\n","protected":false},"excerpt":{"rendered":"<p>Erschienen auf: ndr.de und in der Sendung &#8222;Markt&#8220; Der Rechtsanspruch auf einen Kita-Platz ist Realit\u00e4t. Aber es fehlen Arbeitskr\u00e4fte, die sich um die Kleinen k\u00fcmmern. Gute Ideen sind also gefragt, um dem Fachkr\u00e4ftemangel zu begegnen. In Braunschweig gibt es ein Pilotprojekt, in dem Menschen mit Behinderung so geschult werden, dass sie Hilfst\u00e4tigkeiten im Kindergarten \u00fcbernehmen [&hellip;]<\/p>\n","protected":false},"author":1,"featured_media":0,"comment_status":"open","ping_status":"closed","sticky":false,"template":"","format":"video","meta":[],"categories":[112,128],"tags":[131,130,129,132],"_links":{"self":[{"href":"http:\/\/alexanderkobs.de\/index.php?rest_route=\/wp\/v2\/posts\/719"}],"collection":[{"href":"http:\/\/alexanderkobs.de\/index.php?rest_route=\/wp\/v2\/posts"}],"about":[{"href":"http:\/\/alexanderkobs.de\/index.php?rest_route=\/wp\/v2\/types\/post"}],"author":[{"embeddable":true,"href":"http:\/\/alexanderkobs.de\/index.php?rest_route=\/wp\/v2\/users\/1"}],"replies":[{"embeddable":true,"href":"http:\/\/alexanderkobs.de\/index.php?rest_route=%2Fwp%2Fv2%2Fcomments&post=719"}],"version-history":[{"count":16,"href":"http:\/\/alexanderkobs.de\/index.php?rest_route=\/wp\/v2\/posts\/719\/revisions"}],"predecessor-version":[{"id":1343,"href":"http:\/\/alexanderkobs.de\/index.php?rest_route=\/wp\/v2\/posts\/719\/revisions\/1343"}],"wp:attachment":[{"href":"http:\/\/alexanderkobs.de\/index.php?rest_route=%2Fwp%2Fv2%2Fmedia&parent=719"}],"wp:term":[{"taxonomy":"category","embeddable":true,"href":"http:\/\/alexanderkobs.de\/index.php?rest_route=%2Fwp%2Fv2%2Fcategories&post=719"},{"taxonomy":"post_tag","embeddable":true,"href":"http:\/\/alexanderkobs.de\/index.php?rest_route=%2Fwp%2Fv2%2Ftags&post=719"}],"curies":[{"name":"wp","href":"https:\/\/api.w.org\/{rel}","templated":true}]}}